{"id":25078,"date":"2022-10-16T00:01:00","date_gmt":"2022-10-15T22:01:00","guid":{"rendered":"https:\/\/glm.ouryes.ch\/?p=25078"},"modified":"2023-04-14T11:45:15","modified_gmt":"2023-04-14T09:45:15","slug":"livre-de-preocupacoes","status":"publish","type":"post","link":"https:\/\/godloves.me\/pt-pt\/livre-de-preocupacoes\/","title":{"rendered":"Livre de preocupa\u00e7\u00f5es"},"content":{"rendered":"\n<p>Eu tinha ang\u00fastias existenciais; elas perseguiam-me constantemente e n\u00e3o me largavam. Preocupava-me com o meu emprego, com as minhas finan\u00e7as, com o meu apartamento, com a minha alimenta\u00e7\u00e3o, com a minha fam\u00edlia\u2026 estava a passar por uma fase da minha vida em que Deus n\u00e3o ocupava o primeiro lugar.<\/p>\n\n\n\n<p>O peso destes medos tornava-se cada vez mais insuport\u00e1vel, at\u00e9 me esmagar. Eu tinha um comportamento negativo; n\u00e3o estava nada bem. N\u00e3o podia continuar assim. Ent\u00e3o fui procurar algu\u00e9m com experi\u00eancia em aconselhamento. Foi esta a estrat\u00e9gia usada:<\/p>\n\n\n\n<p>&#8211; Pela ora\u00e7\u00e3o, deposito as minhas preocupa\u00e7\u00f5es perante Deus, como a B\u00edblia ensina.<\/p>\n\n\n\n<p>&#8211; Coloco sempre a minha f\u00e9 em Jesus e aceito a Sua ajuda.<\/p>\n\n\n\n<p>&#8211; Quando as preocupa\u00e7\u00f5es me assaltam, recuso-as.<\/p>\n\n\n\n<p>&#8211; Fico firmemente agarrado \u00e0s promessas da B\u00edblia.<\/p>\n\n\n\n<p>Fala abertamente com Jesus, como amigo, e d\u00e1-lhe oportunidade de intervir na tua vida. Medita em ora\u00e7\u00e3o no texto da semana.<\/p>\n\n\n\n<p>Precisas de ajuda? Escreve-nos\u2026<\/p>\n\n\n\n<p><strong>Texto da semana<\/strong>: <a href=\"https:\/\/www.bible.com\/pt-PT\/bible\/1967\/MAT.6.OL\" target=\"_blank\" rel=\"noreferrer noopener\">Mateus 6.24-34<\/a><\/p>\n","protected":false},"excerpt":{"rendered":"<p>Eu tinha ang\u00fastias existenciais; elas perseguiam-me constantemente e n\u00e3o me largavam. Preocupava-me com o meu emprego, com as minhas finan\u00e7as, com o meu apartamento, com a minha alimenta\u00e7\u00e3o, com a minha fam\u00edlia\u2026 estava a passar por uma fase da minha vida em que Deus n\u00e3o ocupava o primeiro lugar. O peso destes medos tornava-se cada [&hellip;]<\/p>\n","protected":false},"author":6,"featured_media":20764,"comment_status":"closed","ping_status":"closed","sticky":false,"template":"","format":"standard","meta":{"_et_pb_use_builder":"","_et_pb_old_content":"","_et_gb_content_width":"","footnotes":""},"categories":[151,418],"tags":[],"class_list":["post-25078","post","type-post","status-publish","format-standard","has-post-thumbnail","hentry","category-sem-categoria","category-pt-blog"],"_links":{"self":[{"href":"https:\/\/godloves.me\/pt-pt\/wp-json\/wp\/v2\/posts\/25078","targetHints":{"allow":["GET"]}}],"collection":[{"href":"https:\/\/godloves.me\/pt-pt\/wp-json\/wp\/v2\/posts"}],"about":[{"href":"https:\/\/godloves.me\/pt-pt\/wp-json\/wp\/v2\/types\/post"}],"author":[{"embeddable":true,"href":"https:\/\/godloves.me\/pt-pt\/wp-json\/wp\/v2\/users\/6"}],"replies":[{"embeddable":true,"href":"https:\/\/godloves.me\/pt-pt\/wp-json\/wp\/v2\/comments?post=25078"}],"version-history":[{"count":0,"href":"https:\/\/godloves.me\/pt-pt\/wp-json\/wp\/v2\/posts\/25078\/revisions"}],"wp:featuredmedia":[{"embeddable":true,"href":"https:\/\/godloves.me\/pt-pt\/wp-json\/wp\/v2\/media\/20764"}],"wp:attachment":[{"href":"https:\/\/godloves.me\/pt-pt\/wp-json\/wp\/v2\/media?parent=25078"}],"wp:term":[{"taxonomy":"category","embeddable":true,"href":"https:\/\/godloves.me\/pt-pt\/wp-json\/wp\/v2\/categories?post=25078"},{"taxonomy":"post_tag","embeddable":true,"href":"https:\/\/godloves.me\/pt-pt\/wp-json\/wp\/v2\/tags?post=25078"}],"curies":[{"name":"wp","href":"https:\/\/api.w.org\/{rel}","templated":true}]}}